{"id":2346,"date":"2026-04-27T17:10:53","date_gmt":"2026-04-27T15:10:53","guid":{"rendered":"https:\/\/www.iavs.ch\/?p=2346"},"modified":"2026-04-27T17:21:39","modified_gmt":"2026-04-27T15:21:39","slug":"generalversammlung-iavs","status":"publish","type":"post","link":"https:\/\/www.iavs.ch\/de\/generalversammlung-iavs\/","title":{"rendered":"Generalversammlung IAVS"},"content":{"rendered":"<div class=\"wpb-content-wrapper\"><p>[vc_row full_width=&#8220;stretch_row&#8220; content_placement=&#8220;middle&#8220; el_class=&#8220;section-banner&#8220; css=&#8220;.vc_custom_1715398661795{padding-top: 100px !important;padding-bottom: 100px !important;background-image: url(https:\/\/www.iavs.ch\/wp-content\/uploads\/2024\/05\/bannerNews-1.jpg?id=796) !important;background-position: center !important;background-repeat: no-repeat !important;background-size: cover !important;}&#8220;][vc_column css=&#8220;.vc_custom_1714982198824{margin-top: 0px !important;padding-top: 0px !important;}&#8220;][vc_custom_heading text=&#8220;ACTUALIT\u00c9S&#8220; font_container=&#8220;tag:h1|font_size:56|text_align:center|color:%23ffffff|line_height:1.2&#8243; use_theme_fonts=&#8220;yes&#8220; css=&#8220;.vc_custom_1715397513771{margin-top: 0px !important;margin-bottom: 0px !important;padding-top: 0px !important;padding-bottom: 0px !important;}&#8220; el_class=&#8220;title-page&#8220;][\/vc_column][\/vc_row][vc_row][vc_column css=&#8220;.vc_custom_1715394682077{margin-top: 0px !important;padding-top: 0px !important;}&#8220;][vc_raw_html css=&#8220;.vc_custom_1715394638948{margin-top: 0px !important;margin-bottom: 0px !important;padding-top: 0px !important;padding-bottom: 0px !important;}&#8220;]JTVCYnJlYWRjcnVtYnMlNUQ=[\/vc_raw_html][vc_raw_html css=&#8220;.vc_custom_1715400393343{margin-bottom: 18px !important;}&#8220;]JTVCZHZfc2hvd19wb3N0c19kYXRlJTVE[\/vc_raw_html][vc_custom_heading text=&#8220;Generalversammlung IAVS&#8220; font_container=&#8220;tag:h2|font_size:40px|text_align:left|line_height:1.25&#8243; use_theme_fonts=&#8220;yes&#8220; css=&#8220;.vc_custom_1777302559328{margin-bottom: 40px !important;}&#8220;][vc_row_inner][vc_column_inner width=&#8220;1\/2&#8243;][vc_column_text css=&#8220;&#8220;]R\u00fcckblick auf unsere Generalversammlung, die sich durch eine zahlreiche und engagierte Beteiligung sowie durch die gesch\u00e4tzte Anwesenheit der <strong>Ministerin f\u00fcr Finanzen und Energie, Franziska Biner<\/strong>, auszeichnete.<\/p>\n<p>Ein grosses Dankesch\u00f6n an alle Mitglieder, G\u00e4ste und Noda WKB, die zu einem bereichernden Austausch beigetragen haben.<\/p>\n<p>Dieses Treffen erm\u00f6glichte es uns insbesondere, wichtige Einblicke in die Liegenschaftssteuern auf Zweitliegenschaften sowie in die Folgen der individuellen Besteuerung zu gewinnen.<\/p>\n<p>Komplexe Themen mit sehr konkreten Auswirkungen auf unseren Sektor.<\/p>\n<p>Mehr denn je ist es unerl\u00e4sslich, dass die Politik die Realit\u00e4t vor Ort wahrnimmt; wir als Planer tragen dazu bei. IAVS-Mitglieder spielen eine entscheidende Rolle bei der harmonischen Entwicklung unserer gebauten Umwelt.[\/vc_column_text][vc_column_text css=&#8220;&#8220;][\/vc_column_text][\/vc_column_inner][vc_column_inner width=&#8220;1\/2&#8243; css=&#8220;.vc_custom_1717488739490{padding-top: 30px !important;}&#8220;][vc_column_text css=&#8220;&#8220;]<\/p>\n<p>&nbsp;<\/p>\n<p>&nbsp;<\/p>\n<div style=\"width: 640px;\" class=\"wp-video\"><video class=\"wp-video-shortcode\" id=\"video-2346-1\" width=\"640\" height=\"360\" preload=\"metadata\" controls=\"controls\"><source type=\"video\/mp4\" src=\"https:\/\/www.iavs.ch\/wp-content\/uploads\/2026\/04\/IAVS-AG-2026_-1.mp4?_=1\" \/><a href=\"https:\/\/www.iavs.ch\/wp-content\/uploads\/2026\/04\/IAVS-AG-2026_-1.mp4\">https:\/\/www.iavs.ch\/wp-content\/uploads\/2026\/04\/IAVS-AG-2026_-1.mp4<\/a><\/video><\/div>\n<p>[\/vc_column_text][\/vc_column_inner][vc_column_inner][\/vc_column_inner][vc_column_inner][\/vc_column_inner][\/vc_row_inner][\/vc_column][\/vc_row]<\/p>\n<\/div>","protected":false},"excerpt":{"rendered":"<p>R\u00fcckblick auf unsere Generalversammlung vom 22. April 2026 im Noda WKB in Sitten<\/p>\n","protected":false},"author":5,"featured_media":2347,"comment_status":"closed","ping_status":"closed","sticky":false,"template":"","format":"standard","meta":{"_acf_changed":false,"footnotes":""},"categories":[8],"tags":[],"class_list":["post-2346","post","type-post","status-publish","format-standard","has-post-thumbnail","hentry","category-unkategorisiert"],"acf":[],"yoast_head":"<!-- This site is optimized with the Yoast SEO plugin v27.4 - https:\/\/yoast.com\/product\/yoast-seo-wordpress\/ -->\n<title>Generalversammlung IAVS - IAVS - Ingenieure und Architekten aus dem Wallis<\/title>\n<meta name=\"description\" content=\"L&#039;AVMC devient IAVS, Ing\u00e9nieurs et Architectes du Valais. D\u00e9couvrez notre nouvelle identit\u00e9 visuelle, qui refl\u00e8te notre bilinguisme.\" \/>\n<meta name=\"robots\" content=\"index, follow, max-snippet:-1, max-image-preview:large, max-video-preview:-1\" \/>\n<link rel=\"canonical\" href=\"https:\/\/www.iavs.ch\/de\/generalversammlung-iavs\/\" \/>\n<meta property=\"og:locale\" content=\"de_DE\" \/>\n<meta property=\"og:type\" content=\"article\" \/>\n<meta property=\"og:title\" content=\"Generalversammlung IAVS - IAVS - Ingenieure und Architekten aus dem Wallis\" \/>\n<meta property=\"og:description\" content=\"L&#039;AVMC devient IAVS, Ing\u00e9nieurs et Architectes du Valais. D\u00e9couvrez notre nouvelle identit\u00e9 visuelle, qui refl\u00e8te notre bilinguisme.\" \/>\n<meta property=\"og:url\" content=\"https:\/\/www.iavs.ch\/de\/generalversammlung-iavs\/\" \/>\n<meta property=\"og:site_name\" content=\"IAVS - Ingenieure und Architekten aus dem Wallis\" \/>\n<meta property=\"article:published_time\" content=\"2026-04-27T15:10:53+00:00\" \/>\n<meta property=\"article:modified_time\" content=\"2026-04-27T15:21:39+00:00\" \/>\n<meta property=\"og:image\" content=\"https:\/\/www.iavs.ch\/wp-content\/uploads\/2026\/04\/generalversammlung2026-1.png\" \/>\n\t<meta property=\"og:image:width\" content=\"591\" \/>\n\t<meta property=\"og:image:height\" content=\"373\" \/>\n\t<meta property=\"og:image:type\" content=\"image\/png\" \/>\n<meta name=\"author\" content=\"iavs\" \/>\n<meta name=\"twitter:card\" content=\"summary_large_image\" \/>\n<meta name=\"twitter:label1\" content=\"Verfasst von\" \/>\n\t<meta name=\"twitter:data1\" content=\"iavs\" \/>\n\t<meta name=\"twitter:label2\" content=\"Gesch\u00e4tzte Lesezeit\" \/>\n\t<meta name=\"twitter:data2\" content=\"2\u00a0Minuten\" \/>\n<script type=\"application\/ld+json\" class=\"yoast-schema-graph\">{\"@context\":\"https:\\\/\\\/schema.org\",\"@graph\":[{\"@type\":\"Article\",\"@id\":\"https:\\\/\\\/www.iavs.ch\\\/de\\\/generalversammlung-iavs\\\/#article\",\"isPartOf\":{\"@id\":\"https:\\\/\\\/www.iavs.ch\\\/de\\\/generalversammlung-iavs\\\/\"},\"author\":{\"name\":\"iavs\",\"@id\":\"https:\\\/\\\/www.iavs.ch\\\/de\\\/#\\\/schema\\\/person\\\/7f2badaea5b152c4eb3bf4de03370620\"},\"headline\":\"Generalversammlung IAVS\",\"datePublished\":\"2026-04-27T15:10:53+00:00\",\"dateModified\":\"2026-04-27T15:21:39+00:00\",\"mainEntityOfPage\":{\"@id\":\"https:\\\/\\\/www.iavs.ch\\\/de\\\/generalversammlung-iavs\\\/\"},\"wordCount\":374,\"publisher\":{\"@id\":\"https:\\\/\\\/www.iavs.ch\\\/de\\\/#organization\"},\"image\":{\"@id\":\"https:\\\/\\\/www.iavs.ch\\\/de\\\/generalversammlung-iavs\\\/#primaryimage\"},\"thumbnailUrl\":\"https:\\\/\\\/www.iavs.ch\\\/wp-content\\\/uploads\\\/2026\\\/04\\\/generalversammlung2026-1.png\",\"articleSection\":[\"Unkategorisiert\"],\"inLanguage\":\"de\"},{\"@type\":\"WebPage\",\"@id\":\"https:\\\/\\\/www.iavs.ch\\\/de\\\/generalversammlung-iavs\\\/\",\"url\":\"https:\\\/\\\/www.iavs.ch\\\/de\\\/generalversammlung-iavs\\\/\",\"name\":\"Generalversammlung IAVS - IAVS - Ingenieure und Architekten aus dem Wallis\",\"isPartOf\":{\"@id\":\"https:\\\/\\\/www.iavs.ch\\\/de\\\/#website\"},\"primaryImageOfPage\":{\"@id\":\"https:\\\/\\\/www.iavs.ch\\\/de\\\/generalversammlung-iavs\\\/#primaryimage\"},\"image\":{\"@id\":\"https:\\\/\\\/www.iavs.ch\\\/de\\\/generalversammlung-iavs\\\/#primaryimage\"},\"thumbnailUrl\":\"https:\\\/\\\/www.iavs.ch\\\/wp-content\\\/uploads\\\/2026\\\/04\\\/generalversammlung2026-1.png\",\"datePublished\":\"2026-04-27T15:10:53+00:00\",\"dateModified\":\"2026-04-27T15:21:39+00:00\",\"description\":\"L'AVMC devient IAVS, Ing\u00e9nieurs et Architectes du Valais. D\u00e9couvrez notre nouvelle identit\u00e9 visuelle, qui refl\u00e8te notre bilinguisme.\",\"breadcrumb\":{\"@id\":\"https:\\\/\\\/www.iavs.ch\\\/de\\\/generalversammlung-iavs\\\/#breadcrumb\"},\"inLanguage\":\"de\",\"potentialAction\":[{\"@type\":\"ReadAction\",\"target\":[\"https:\\\/\\\/www.iavs.ch\\\/de\\\/generalversammlung-iavs\\\/\"]}]},{\"@type\":\"ImageObject\",\"inLanguage\":\"de\",\"@id\":\"https:\\\/\\\/www.iavs.ch\\\/de\\\/generalversammlung-iavs\\\/#primaryimage\",\"url\":\"https:\\\/\\\/www.iavs.ch\\\/wp-content\\\/uploads\\\/2026\\\/04\\\/generalversammlung2026-1.png\",\"contentUrl\":\"https:\\\/\\\/www.iavs.ch\\\/wp-content\\\/uploads\\\/2026\\\/04\\\/generalversammlung2026-1.png\",\"width\":591,\"height\":373},{\"@type\":\"BreadcrumbList\",\"@id\":\"https:\\\/\\\/www.iavs.ch\\\/de\\\/generalversammlung-iavs\\\/#breadcrumb\",\"itemListElement\":[{\"@type\":\"ListItem\",\"position\":1,\"name\":\"Accueil\",\"item\":\"https:\\\/\\\/www.iavs.ch\\\/de\\\/\"},{\"@type\":\"ListItem\",\"position\":2,\"name\":\"Generalversammlung IAVS\"}]},{\"@type\":\"WebSite\",\"@id\":\"https:\\\/\\\/www.iavs.ch\\\/de\\\/#website\",\"url\":\"https:\\\/\\\/www.iavs.ch\\\/de\\\/\",\"name\":\"IAVS \u2013 Ing\u00e9nieurs et Architectes du Valais\",\"description\":\"Vereinigung Ingenieure Architekten Wallis\",\"publisher\":{\"@id\":\"https:\\\/\\\/www.iavs.ch\\\/de\\\/#organization\"},\"potentialAction\":[{\"@type\":\"SearchAction\",\"target\":{\"@type\":\"EntryPoint\",\"urlTemplate\":\"https:\\\/\\\/www.iavs.ch\\\/de\\\/?s={search_term_string}\"},\"query-input\":{\"@type\":\"PropertyValueSpecification\",\"valueRequired\":true,\"valueName\":\"search_term_string\"}}],\"inLanguage\":\"de\"},{\"@type\":\"Organization\",\"@id\":\"https:\\\/\\\/www.iavs.ch\\\/de\\\/#organization\",\"name\":\"IAVS\",\"url\":\"https:\\\/\\\/www.iavs.ch\\\/de\\\/\",\"logo\":{\"@type\":\"ImageObject\",\"inLanguage\":\"de\",\"@id\":\"https:\\\/\\\/www.iavs.ch\\\/de\\\/#\\\/schema\\\/logo\\\/image\\\/\",\"url\":\"https:\\\/\\\/www.iavs.ch\\\/wp-content\\\/uploads\\\/2024\\\/05\\\/IAVS-logo.svg\",\"contentUrl\":\"https:\\\/\\\/www.iavs.ch\\\/wp-content\\\/uploads\\\/2024\\\/05\\\/IAVS-logo.svg\",\"width\":1,\"height\":1,\"caption\":\"IAVS\"},\"image\":{\"@id\":\"https:\\\/\\\/www.iavs.ch\\\/de\\\/#\\\/schema\\\/logo\\\/image\\\/\"}},{\"@type\":\"Person\",\"@id\":\"https:\\\/\\\/www.iavs.ch\\\/de\\\/#\\\/schema\\\/person\\\/7f2badaea5b152c4eb3bf4de03370620\",\"name\":\"iavs\",\"url\":\"https:\\\/\\\/www.iavs.ch\\\/de\\\/author\\\/iavs\\\/\"}]}<\/script>\n<!-- \/ Yoast SEO plugin. -->","yoast_head_json":{"title":"Generalversammlung IAVS - IAVS - Ingenieure und Architekten aus dem Wallis","description":"L'AVMC devient IAVS, Ing\u00e9nieurs et Architectes du Valais. D\u00e9couvrez notre nouvelle identit\u00e9 visuelle, qui refl\u00e8te notre bilinguisme.","robots":{"index":"index","follow":"follow","max-snippet":"max-snippet:-1","max-image-preview":"max-image-preview:large","max-video-preview":"max-video-preview:-1"},"canonical":"https:\/\/www.iavs.ch\/de\/generalversammlung-iavs\/","og_locale":"de_DE","og_type":"article","og_title":"Generalversammlung IAVS - IAVS - Ingenieure und Architekten aus dem Wallis","og_description":"L'AVMC devient IAVS, Ing\u00e9nieurs et Architectes du Valais. D\u00e9couvrez notre nouvelle identit\u00e9 visuelle, qui refl\u00e8te notre bilinguisme.","og_url":"https:\/\/www.iavs.ch\/de\/generalversammlung-iavs\/","og_site_name":"IAVS - Ingenieure und Architekten aus dem Wallis","article_published_time":"2026-04-27T15:10:53+00:00","article_modified_time":"2026-04-27T15:21:39+00:00","og_image":[{"width":591,"height":373,"url":"https:\/\/www.iavs.ch\/wp-content\/uploads\/2026\/04\/generalversammlung2026-1.png","type":"image\/png"}],"author":"iavs","twitter_card":"summary_large_image","twitter_misc":{"Verfasst von":"iavs","Gesch\u00e4tzte Lesezeit":"2\u00a0Minuten"},"schema":{"@context":"https:\/\/schema.org","@graph":[{"@type":"Article","@id":"https:\/\/www.iavs.ch\/de\/generalversammlung-iavs\/#article","isPartOf":{"@id":"https:\/\/www.iavs.ch\/de\/generalversammlung-iavs\/"},"author":{"name":"iavs","@id":"https:\/\/www.iavs.ch\/de\/#\/schema\/person\/7f2badaea5b152c4eb3bf4de03370620"},"headline":"Generalversammlung IAVS","datePublished":"2026-04-27T15:10:53+00:00","dateModified":"2026-04-27T15:21:39+00:00","mainEntityOfPage":{"@id":"https:\/\/www.iavs.ch\/de\/generalversammlung-iavs\/"},"wordCount":374,"publisher":{"@id":"https:\/\/www.iavs.ch\/de\/#organization"},"image":{"@id":"https:\/\/www.iavs.ch\/de\/generalversammlung-iavs\/#primaryimage"},"thumbnailUrl":"https:\/\/www.iavs.ch\/wp-content\/uploads\/2026\/04\/generalversammlung2026-1.png","articleSection":["Unkategorisiert"],"inLanguage":"de"},{"@type":"WebPage","@id":"https:\/\/www.iavs.ch\/de\/generalversammlung-iavs\/","url":"https:\/\/www.iavs.ch\/de\/generalversammlung-iavs\/","name":"Generalversammlung IAVS - IAVS - Ingenieure und Architekten aus dem Wallis","isPartOf":{"@id":"https:\/\/www.iavs.ch\/de\/#website"},"primaryImageOfPage":{"@id":"https:\/\/www.iavs.ch\/de\/generalversammlung-iavs\/#primaryimage"},"image":{"@id":"https:\/\/www.iavs.ch\/de\/generalversammlung-iavs\/#primaryimage"},"thumbnailUrl":"https:\/\/www.iavs.ch\/wp-content\/uploads\/2026\/04\/generalversammlung2026-1.png","datePublished":"2026-04-27T15:10:53+00:00","dateModified":"2026-04-27T15:21:39+00:00","description":"L'AVMC devient IAVS, Ing\u00e9nieurs et Architectes du Valais. D\u00e9couvrez notre nouvelle identit\u00e9 visuelle, qui refl\u00e8te notre bilinguisme.","breadcrumb":{"@id":"https:\/\/www.iavs.ch\/de\/generalversammlung-iavs\/#breadcrumb"},"inLanguage":"de","potentialAction":[{"@type":"ReadAction","target":["https:\/\/www.iavs.ch\/de\/generalversammlung-iavs\/"]}]},{"@type":"ImageObject","inLanguage":"de","@id":"https:\/\/www.iavs.ch\/de\/generalversammlung-iavs\/#primaryimage","url":"https:\/\/www.iavs.ch\/wp-content\/uploads\/2026\/04\/generalversammlung2026-1.png","contentUrl":"https:\/\/www.iavs.ch\/wp-content\/uploads\/2026\/04\/generalversammlung2026-1.png","width":591,"height":373},{"@type":"BreadcrumbList","@id":"https:\/\/www.iavs.ch\/de\/generalversammlung-iavs\/#breadcrumb","itemListElement":[{"@type":"ListItem","position":1,"name":"Accueil","item":"https:\/\/www.iavs.ch\/de\/"},{"@type":"ListItem","position":2,"name":"Generalversammlung IAVS"}]},{"@type":"WebSite","@id":"https:\/\/www.iavs.ch\/de\/#website","url":"https:\/\/www.iavs.ch\/de\/","name":"IAVS \u2013 Ing\u00e9nieurs et Architectes du Valais","description":"Vereinigung Ingenieure Architekten Wallis","publisher":{"@id":"https:\/\/www.iavs.ch\/de\/#organization"},"potentialAction":[{"@type":"SearchAction","target":{"@type":"EntryPoint","urlTemplate":"https:\/\/www.iavs.ch\/de\/?s={search_term_string}"},"query-input":{"@type":"PropertyValueSpecification","valueRequired":true,"valueName":"search_term_string"}}],"inLanguage":"de"},{"@type":"Organization","@id":"https:\/\/www.iavs.ch\/de\/#organization","name":"IAVS","url":"https:\/\/www.iavs.ch\/de\/","logo":{"@type":"ImageObject","inLanguage":"de","@id":"https:\/\/www.iavs.ch\/de\/#\/schema\/logo\/image\/","url":"https:\/\/www.iavs.ch\/wp-content\/uploads\/2024\/05\/IAVS-logo.svg","contentUrl":"https:\/\/www.iavs.ch\/wp-content\/uploads\/2024\/05\/IAVS-logo.svg","width":1,"height":1,"caption":"IAVS"},"image":{"@id":"https:\/\/www.iavs.ch\/de\/#\/schema\/logo\/image\/"}},{"@type":"Person","@id":"https:\/\/www.iavs.ch\/de\/#\/schema\/person\/7f2badaea5b152c4eb3bf4de03370620","name":"iavs","url":"https:\/\/www.iavs.ch\/de\/author\/iavs\/"}]}},"_links":{"self":[{"href":"https:\/\/www.iavs.ch\/de\/wp-json\/wp\/v2\/posts\/2346","targetHints":{"allow":["GET"]}}],"collection":[{"href":"https:\/\/www.iavs.ch\/de\/wp-json\/wp\/v2\/posts"}],"about":[{"href":"https:\/\/www.iavs.ch\/de\/wp-json\/wp\/v2\/types\/post"}],"author":[{"embeddable":true,"href":"https:\/\/www.iavs.ch\/de\/wp-json\/wp\/v2\/users\/5"}],"replies":[{"embeddable":true,"href":"https:\/\/www.iavs.ch\/de\/wp-json\/wp\/v2\/comments?post=2346"}],"version-history":[{"count":6,"href":"https:\/\/www.iavs.ch\/de\/wp-json\/wp\/v2\/posts\/2346\/revisions"}],"predecessor-version":[{"id":2354,"href":"https:\/\/www.iavs.ch\/de\/wp-json\/wp\/v2\/posts\/2346\/revisions\/2354"}],"wp:featuredmedia":[{"embeddable":true,"href":"https:\/\/www.iavs.ch\/de\/wp-json\/wp\/v2\/media\/2347"}],"wp:attachment":[{"href":"https:\/\/www.iavs.ch\/de\/wp-json\/wp\/v2\/media?parent=2346"}],"wp:term":[{"taxonomy":"category","embeddable":true,"href":"https:\/\/www.iavs.ch\/de\/wp-json\/wp\/v2\/categories?post=2346"},{"taxonomy":"post_tag","embeddable":true,"href":"https:\/\/www.iavs.ch\/de\/wp-json\/wp\/v2\/tags?post=2346"}],"curies":[{"name":"wp","href":"https:\/\/api.w.org\/{rel}","templated":true}]}}